{"id":1314,"date":"2022-05-28T16:23:23","date_gmt":"2022-05-28T16:23:23","guid":{"rendered":"https:\/\/zzitd.pl\/?p=1314"},"modified":"2022-12-23T11:53:27","modified_gmt":"2022-12-23T11:53:27","slug":"wzd-2022","status":"publish","type":"post","link":"https:\/\/zzitd.pl\/?p=1314","title":{"rendered":"WZD 2022"},"content":{"rendered":"\n<p>26.05.2022r. odby\u0142o si\u0119 stacjonarnie Walne Zebranie Delegat\u00f3w ZZITD. Na spotkaniu mieli\u015bmy zaszczyt go\u015bci\u0107 (zdalnie) Dyrektor Departamentu Transportu Drogowego w Ministerstwie Infrastruktury Pani\u0105 Renat\u0119 Rychter i Zast\u0119pc\u0119 G\u0142\u00f3wnego Inspektora Transportu Drogowego Micha\u0142a Mostowskiego. Delegaci bardzo ch\u0119tnie zadawali pytania a go\u015bcie obiecali, \u017ce wsp\u00f3\u0142praca na linii Ministerstwo Infrastruktury &#8211; ZZITD &#8211; G\u0142\u00f3wny Inspektorat Transportu Drogowego ulegnie polepszeniu. Bardzo si\u0119 cieszymy, a jednocze\u015bnie wi\u0105\u017cemy z tym faktem du\u017ce nadzieje, \u017ce to w\u0142a\u015bnie Pani Dyrektor DTD Renata Rychter zosta\u0142a przez Ministra Infrastruktury wyznaczona do bezpo\u015bredniego kontaktu z RK ZZITD.<\/p>\n\n\n<div class=\"wp-block-image\">\n<figure class=\"aligncenter size-large is-resized\"><a href=\"https:\/\/zzitd.pl\/wp-content\/uploads\/2022\/05\/img20220526164039-scaled.jpg\"><img fetchpriority=\"high\" decoding=\"async\" src=\"https:\/\/zzitd.pl\/wp-content\/uploads\/2022\/05\/img20220526164039-1024x578.jpg\" alt=\"\" class=\"wp-image-1315\" width=\"612\" height=\"345\" srcset=\"https:\/\/zzitd.pl\/wp-content\/uploads\/2022\/05\/img20220526164039-1024x578.jpg 1024w, https:\/\/zzitd.pl\/wp-content\/uploads\/2022\/05\/img20220526164039-300x169.jpg 300w, https:\/\/zzitd.pl\/wp-content\/uploads\/2022\/05\/img20220526164039-768x433.jpg 768w, https:\/\/zzitd.pl\/wp-content\/uploads\/2022\/05\/img20220526164039-1536x866.jpg 1536w, https:\/\/zzitd.pl\/wp-content\/uploads\/2022\/05\/img20220526164039-2048x1155.jpg 2048w, https:\/\/zzitd.pl\/wp-content\/uploads\/2022\/05\/img20220526164039-1360x765.jpg 1360w\" sizes=\"(max-width: 612px) 100vw, 612px\" \/><\/a><\/figure>\n<\/div>\n\n\n<p>27.05.2022 Delegaci spotkali si\u0119 poprzez platform\u0119 MEET.  W II dniu WZD przeanalizowano statystyki m.in dotycz\u0105ce struktury wieku i  wynagrodze\u0144 Inspektor\u00f3w Inspekcji Transportu Drogowego. Podj\u0119to r\u00f3wnie\u017c dyskusj\u0119 nt. ewentualnego wznowienia protestu oraz jego mo\u017cliwych form i cel\u00f3w. <\/p>\n\n\n<div class=\"wp-block-image\">\n<figure class=\"aligncenter size-full is-resized\"><a href=\"https:\/\/zzitd.pl\/wp-content\/uploads\/2022\/05\/image-3.png\"><img decoding=\"async\" src=\"https:\/\/zzitd.pl\/wp-content\/uploads\/2022\/05\/image-3.png\" alt=\"\" class=\"wp-image-1316\" width=\"638\" height=\"359\" srcset=\"https:\/\/zzitd.pl\/wp-content\/uploads\/2022\/05\/image-3.png 945w, https:\/\/zzitd.pl\/wp-content\/uploads\/2022\/05\/image-3-300x169.png 300w, https:\/\/zzitd.pl\/wp-content\/uploads\/2022\/05\/image-3-768x432.png 768w\" sizes=\"(max-width: 638px) 100vw, 638px\" \/><\/a><\/figure>\n<\/div>\n\n\n<p>Przysz\u0142oroczne WZD jest zebraniem wyborczym i odb\u0119dzie si\u0119 23\/24 marca 2023r. Ch\u0119tnych Delegat\u00f3w ju\u017c serdecznie zapraszamy \ud83d\ude42<\/p>\n","protected":false},"excerpt":{"rendered":"<p>26.05.2022r. odby\u0142o si\u0119 stacjonarnie Walne Zebranie Delegat\u00f3w ZZITD. Na spotkaniu mieli\u015bmy zaszczyt go\u015bci\u0107 (zdalnie) Dyrektor Departamentu Transportu Drogowego w Ministerstwie<\/p>\n","protected":false},"author":5,"featured_media":0,"comment_status":"open","ping_status":"closed","sticky":false,"template":"","format":"standard","meta":{"footnotes":""},"categories":[14,1],"tags":[],"class_list":["post-1314","post","type-post","status-publish","format-standard","hentry","category-walne-zebrania-i-zjazdy","category-wiadomosci","comments-off"],"_links":{"self":[{"href":"https:\/\/zzitd.pl\/index.php?rest_route=\/wp\/v2\/posts\/1314","targetHints":{"allow":["GET"]}}],"collection":[{"href":"https:\/\/zzitd.pl\/index.php?rest_route=\/wp\/v2\/posts"}],"about":[{"href":"https:\/\/zzitd.pl\/index.php?rest_route=\/wp\/v2\/types\/post"}],"author":[{"embeddable":true,"href":"https:\/\/zzitd.pl\/index.php?rest_route=\/wp\/v2\/users\/5"}],"replies":[{"embeddable":true,"href":"https:\/\/zzitd.pl\/index.php?rest_route=%2Fwp%2Fv2%2Fcomments&post=1314"}],"version-history":[{"count":4,"href":"https:\/\/zzitd.pl\/index.php?rest_route=\/wp\/v2\/posts\/1314\/revisions"}],"predecessor-version":[{"id":1320,"href":"https:\/\/zzitd.pl\/index.php?rest_route=\/wp\/v2\/posts\/1314\/revisions\/1320"}],"wp:attachment":[{"href":"https:\/\/zzitd.pl\/index.php?rest_route=%2Fwp%2Fv2%2Fmedia&parent=1314"}],"wp:term":[{"taxonomy":"category","embeddable":true,"href":"https:\/\/zzitd.pl\/index.php?rest_route=%2Fwp%2Fv2%2Fcategories&post=1314"},{"taxonomy":"post_tag","embeddable":true,"href":"https:\/\/zzitd.pl\/index.php?rest_route=%2Fwp%2Fv2%2Ftags&post=1314"}],"curies":[{"name":"wp","href":"https:\/\/api.w.org\/{rel}","templated":true}]}}