{"id":1377,"date":"2022-09-21T08:57:00","date_gmt":"2022-09-21T08:57:00","guid":{"rendered":"https:\/\/zzitd.pl\/?p=1377"},"modified":"2022-12-23T11:51:44","modified_gmt":"2022-12-23T11:51:44","slug":"19-pazdziernika-manifestacja","status":"publish","type":"post","link":"https:\/\/zzitd.pl\/?p=1377","title":{"rendered":"19 pa\u017adziernika MANIFESTACJA"},"content":{"rendered":"\n<p><strong>Pismo OPZZ  informuj\u0105ce o manifestacji dotycz\u0105cej emerytur pomostowych, kt\u00f3ra odb\u0119dzie si\u0119 19 pa\u017adziernika br. w Warszawie.<\/strong><\/p>\n\n\n\n<p>W trakcie manifestacji nast\u0105pi przekazanie Pani Minister Rodziny i Polityki Spo\u0142ecznej petycji, dotycz\u0105cej uchylenia przepisu art. 4 pkt 5 ustawy z dnia 19 grudnia&nbsp;2008r.&nbsp;o emeryturach pomostowych, kt\u00f3ry zak\u0142ada ich stopniowe wygaszanie.<\/p>\n\n\n\n<p>Zach\u0119camy do licznego udzia\u0142u w manifestacji!&nbsp;<\/p>\n\n\n<div class=\"wp-block-image\">\n<figure class=\"aligncenter size-large\"><a href=\"https:\/\/zzitd.pl\/wp-content\/uploads\/2022\/09\/manifestacja-19.10.2022-r.-1.jpg\"><img fetchpriority=\"high\" decoding=\"async\" width=\"718\" height=\"1024\" src=\"https:\/\/zzitd.pl\/wp-content\/uploads\/2022\/09\/manifestacja-19.10.2022-r.-1-718x1024.jpg\" alt=\"\" class=\"wp-image-1378\" srcset=\"https:\/\/zzitd.pl\/wp-content\/uploads\/2022\/09\/manifestacja-19.10.2022-r.-1-718x1024.jpg 718w, https:\/\/zzitd.pl\/wp-content\/uploads\/2022\/09\/manifestacja-19.10.2022-r.-1-210x300.jpg 210w, https:\/\/zzitd.pl\/wp-content\/uploads\/2022\/09\/manifestacja-19.10.2022-r.-1-768x1095.jpg 768w, https:\/\/zzitd.pl\/wp-content\/uploads\/2022\/09\/manifestacja-19.10.2022-r.-1-1077x1536.jpg 1077w, https:\/\/zzitd.pl\/wp-content\/uploads\/2022\/09\/manifestacja-19.10.2022-r.-1-1436x2048.jpg 1436w, https:\/\/zzitd.pl\/wp-content\/uploads\/2022\/09\/manifestacja-19.10.2022-r.-1.jpg 1606w\" sizes=\"(max-width: 718px) 100vw, 718px\" \/><\/a><\/figure>\n<\/div>","protected":false},"excerpt":{"rendered":"<p>Pismo OPZZ informuj\u0105ce o manifestacji dotycz\u0105cej emerytur pomostowych, kt\u00f3ra odb\u0119dzie si\u0119 19 pa\u017adziernika br. w Warszawie. W trakcie manifestacji nast\u0105pi<\/p>\n","protected":false},"author":5,"featured_media":0,"comment_status":"open","ping_status":"closed","sticky":false,"template":"","format":"standard","meta":{"footnotes":""},"categories":[11,1],"tags":[],"class_list":["post-1377","post","type-post","status-publish","format-standard","hentry","category-protesty-i-akcje","category-wiadomosci","comments-off"],"_links":{"self":[{"href":"https:\/\/zzitd.pl\/index.php?rest_route=\/wp\/v2\/posts\/1377","targetHints":{"allow":["GET"]}}],"collection":[{"href":"https:\/\/zzitd.pl\/index.php?rest_route=\/wp\/v2\/posts"}],"about":[{"href":"https:\/\/zzitd.pl\/index.php?rest_route=\/wp\/v2\/types\/post"}],"author":[{"embeddable":true,"href":"https:\/\/zzitd.pl\/index.php?rest_route=\/wp\/v2\/users\/5"}],"replies":[{"embeddable":true,"href":"https:\/\/zzitd.pl\/index.php?rest_route=%2Fwp%2Fv2%2Fcomments&post=1377"}],"version-history":[{"count":1,"href":"https:\/\/zzitd.pl\/index.php?rest_route=\/wp\/v2\/posts\/1377\/revisions"}],"predecessor-version":[{"id":1379,"href":"https:\/\/zzitd.pl\/index.php?rest_route=\/wp\/v2\/posts\/1377\/revisions\/1379"}],"wp:attachment":[{"href":"https:\/\/zzitd.pl\/index.php?rest_route=%2Fwp%2Fv2%2Fmedia&parent=1377"}],"wp:term":[{"taxonomy":"category","embeddable":true,"href":"https:\/\/zzitd.pl\/index.php?rest_route=%2Fwp%2Fv2%2Fcategories&post=1377"},{"taxonomy":"post_tag","embeddable":true,"href":"https:\/\/zzitd.pl\/index.php?rest_route=%2Fwp%2Fv2%2Ftags&post=1377"}],"curies":[{"name":"wp","href":"https:\/\/api.w.org\/{rel}","templated":true}]}}