{"id":2186,"date":"2025-12-19T18:52:37","date_gmt":"2025-12-19T18:52:37","guid":{"rendered":"https:\/\/zzitd.pl\/?p=2186"},"modified":"2025-12-19T18:52:37","modified_gmt":"2025-12-19T18:52:37","slug":"spotkanie-z-sekretarzem-stanu-w-mi-stanislawem-bukowcem-18-12-2025","status":"publish","type":"post","link":"https:\/\/zzitd.pl\/?p=2186","title":{"rendered":"Spotkanie z Sekretarzem stanu w MI Stanis\u0142awem Bukowcem 18.12.2025"},"content":{"rendered":"\n<p>Sprawozdanie ze spotkania cz\u0142onk\u00f3w Rady Krajowej ZZITD z w\u0142adzami Ministerstwa Infrastruktury w dniu 18 grudnia 2025 roku. Osoby uczestnicz\u0105ce w spotkaniu:<\/p>\n\n\n\n<p>Stanis\u0142aw Bukowiec &#8211; Sekretarz stanu w Ministerstwie Infrastruktury<\/p>\n\n\n\n<p>Olga Tworek &#8211; Dyrektor Departamentu Transportu Drogowego;<\/p>\n\n\n\n<p>Bartosz Jab\u0142onka \u2013 Zast\u0119pca Dyrektora Departamentu Transportu Drogowego;<\/p>\n\n\n\n<p>Urszula Cyprowska \u2013 Przewodnicz\u0105ca RK ZZITD;<\/p>\n\n\n\n<p>Artur Stanis\u0142aw Fal \u2013 Zast\u0119pca Przewodnicz\u0105cej RK ZZITD;<\/p>\n\n\n\n<p>Grzegorz Rutkiewicz \u2013 Sekretarz RK ZZITD.<\/p>\n\n\n\n<p>Kluczowym tematem spotkania by\u0142o podsumowanie dzia\u0142alno\u015bci Ministerstwa Infrastruktury w kontek\u015bcie przeobra\u017cenia Inspekcji Transportu Drogowego w s\u0142u\u017cb\u0119 mundurow\u0105. Pan Minister potwierdzi\u0142 doniesienia medialne, kt\u00f3re informowa\u0142y o zamro\u017ceniu prac nad planowanym odzespoleniem ITD z powodu braku akceptacji Ministerstwa Spraw Wewn\u0119trznych i Administracji oraz z powodu uwag Ministerstwa Finans\u00f3w. Projekt ten utkn\u0105\u0142 zatem w miejscu. Przypomnieli\u015bmy Panu Ministrowi, \u017ce nasz Zwi\u0105zek r\u00f3wnie\u017c negatywnie odni\u00f3s\u0142 si\u0119 do planowanego odzespolenia ITD. Od marca 2024 roku, strona zwi\u0105zkowa zabiega\u0142a o podj\u0119cie dzia\u0142a\u0144 zmierzaj\u0105cych do us\u0142u\u017cbowienia naszej instytucji, czego potwierdzeniem by\u0142y liczne pisma, apele oraz przygotowany z Ministerstwem projekt ustawy o S\u0142u\u017cbie Transportu Drogowego. W praktyce oznacza to ca\u0142kowity brak post\u0119pu w tym zakresie.<\/p>\n\n\n\n<p>Zwr\u00f3cili\u015bmy uwag\u0119 na tegoroczne bardzo dobre wyniki pracy inspektor\u00f3w, kt\u00f3rzy po raz kolejny pokazali na co ich sta\u0107. Wyt\u0142umaczyli\u015bmy, \u017ce jest to wynik umowy i pewnego kredytu zaufania, kt\u00f3rym inspektorzy obdarzyli w\u0142adze Ministerstwa w kontek\u015bcie obiecanych i tak d\u0142ugo wyczekiwanych zmian. Pan Minister poinformowa\u0142 nas, \u017ce w styczniu 2026 roku podejmie jeszcze jedn\u0105 pr\u00f3b\u0119 uzyskania od w\u0142adz MSWiA \u201ezielonego \u015bwiat\u0142a\u201d i przekonania o s\u0142uszno\u015bci dokonania odzespolenia ITD. <\/p>\n\n\n\n<p>Kolejnym tematem by\u0142o om\u00f3wienie przes\u0142anego do nas w grudniu projektu rozporz\u0105dzenia w sprawie warunk\u00f3w i trybu przeprowadzania bada\u0144 lekarskich i psychologicznych w celu stwierdzenia istnienia lub braku przeciwwskaza\u0144 zdrowotnych do wykonywania czynno\u015bci inspektora Inspekcji Transportu Drogowego oraz rozporz\u0105dzenia Ministra Infrastruktury zmieniaj\u0105cego rozporz\u0105dzenie w sprawie r\u00f3wnowa\u017cnika pieni\u0119\u017cnego przyznawanego w zamian za umundurowanie oraz rycza\u0142tu pieni\u0119\u017cnego za czyszczenie chemiczne umundurowania w Inspekcji Transportu Drogowego. Poinformowali\u015bmy Pana Ministra o przekazanych przez nas w dniu 16 grudnia 2025 roku uwagach i propozycjach zmian. Uzyskali\u015bmy odpowied\u017a, \u017ce aktualnie zbierane s\u0105 wszystkie uwagi, kolejny etap to b\u0119d\u0105 uzgodnienia mi\u0119dzyresortowe.<\/p>\n\n\n\n<p>Na spotkaniu nie mog\u0142o zabrakn\u0105\u0107 uwag odnosz\u0105cych si\u0119 do wyra\u017anej stagnacji w kontek\u015bcie braku zmian przestarza\u0142ego umundurowania, braku dodatkowych \u015brodk\u00f3w finansowych na wynagrodzenia pracownik\u00f3w Inspekcji. Dla zobrazowania problemu, powo\u0142ali\u015bmy si\u0119 na rosn\u0105ca przepa\u015b\u0107, dziel\u0105c\u0105 funkcjonariuszy s\u0142u\u017cb z kt\u00f3rymi na co dzie\u0144 wsp\u00f3\u0142pracujemy i nami \u2013 inspektorami ITD. Zadali\u015bmy pytanie, jak wyja\u015bni\u0107 wielomiliardowy, wieloetapowy program modernizacji szeroko poj\u0119tej \u201emundur\u00f3wki\u201d z brakiem jakichkolwiek dzia\u0142a\u0144 wzmacniaj\u0105cych potencja\u0142 \u201efunkcjonariuszy\u201d podleg\u0142ych Ministrowi Infrastruktury? Odpowiedzi\u0105 Pana Ministra by\u0142o stwierdzenie, \u017ce nasze problemy wynikaj\u0105 z tego, \u017ce nie jeste\u015bmy s\u0142u\u017cba mundurow\u0105. <\/p>\n\n\n\n<p>Dowiedzieli\u015bmy si\u0119 r\u00f3wnie\u017c, \u017ce Ministerstwo Infrastruktury nie posiada zwi\u0119kszonego planu finansowego na wyp\u0142at\u0119 wy\u017cszego ekwiwalentu za pranie (wst\u0119pnie wyszacowany koszt w\/w ekwiwalentu to kwota 45000 z\u0142 &#8211; przy podwy\u017cce o 50z\u0142 na inspektora). Te \u015brodki finansowe b\u0119d\u0105 musia\u0142y wygenerowa\u0107 w\u0142adze GITD.<\/p>\n\n\n\n<p>Pan Minister zadeklarowa\u0142 nam swoja przychylno\u015b\u0107 i konieczno\u015bci przeobra\u017cenia Inspekcji Transportu Drogowego w s\u0142u\u017cb\u0119 mundurow\u0105. <\/p>\n\n\n\n<p>Minister wyznaczy\u0142 termin kolejnego spotkania na 21 stycznia 2026 roku. W tym dniu ostatecznie dowiemy si\u0119, czy Pan Minister otrzyma\u0142 akceptacje projektu odzespolenia ITD. Je\u017celi nie, to us\u0142yszymy, jakie b\u0119d\u0105 kolejne kroki Ministerstwa w sprawie wprowadzenia w \u017cycie zmian funkcjonowania naszej formacji \u2013 ustawa o STD czy mo\u017ce jakie\u015b inne rozwi\u0105zanie. Na spotkaniu Ministerstwo przedstawi nam r\u00f3wnie\u017c ostateczny kszta\u0142t rozporz\u0105dze\u0144 dotycz\u0105cych bada\u0144 lekarskich i wysoko\u015bci r\u00f3wnowa\u017cnika za czyszczenie mundur\u00f3w. Do tego dnia resort przeka\u017ce nam r\u00f3wnie\u017c informacje o etapie prac nad zmian\u0105 rozporz\u0105dzenia dotycz\u0105cego nowego wzoru umundurowania inspektor\u00f3w.<\/p>\n\n\n\n<p>Na koniec, Pan Minister zapewni\u0142 nas o swojej determinacji w osi\u0105gni\u0119ciu zamierzonych przez Ministerstwo Infrastruktury cel\u00f3w, podzi\u0119kowa\u0142 za Wasz\u0105 \u2013 nasz\u0105 prac\u0119 i \u017cyczy\u0142 wszystkim inspektorom Inspekcji Transportu Drogowego dobrych \u015awi\u0105t Bo\u017cego Narodzenia.<\/p>\n\n\n<div class=\"wp-block-image\">\n<figure class=\"aligncenter size-large is-resized\"><a href=\"https:\/\/zzitd.pl\/wp-content\/uploads\/2025\/12\/IMG-20251219-WA0001.jpg\"><img fetchpriority=\"high\" decoding=\"async\" width=\"768\" height=\"1024\" src=\"https:\/\/zzitd.pl\/wp-content\/uploads\/2025\/12\/IMG-20251219-WA0001-768x1024.jpg\" alt=\"\" class=\"wp-image-2187\" style=\"aspect-ratio:0.750007629627369;width:278px;height:auto\" srcset=\"https:\/\/zzitd.pl\/wp-content\/uploads\/2025\/12\/IMG-20251219-WA0001-768x1024.jpg 768w, https:\/\/zzitd.pl\/wp-content\/uploads\/2025\/12\/IMG-20251219-WA0001-225x300.jpg 225w, https:\/\/zzitd.pl\/wp-content\/uploads\/2025\/12\/IMG-20251219-WA0001-1152x1536.jpg 1152w, https:\/\/zzitd.pl\/wp-content\/uploads\/2025\/12\/IMG-20251219-WA0001.jpg 1500w\" sizes=\"(max-width: 768px) 100vw, 768px\" \/><\/a><\/figure>\n<\/div>\n\n<div class=\"wp-block-image\">\n<figure class=\"aligncenter size-large is-resized\"><a href=\"https:\/\/zzitd.pl\/wp-content\/uploads\/2025\/12\/IMG-20251219-WA0000.jpg\"><img decoding=\"async\" width=\"768\" height=\"1024\" src=\"https:\/\/zzitd.pl\/wp-content\/uploads\/2025\/12\/IMG-20251219-WA0000-768x1024.jpg\" alt=\"\" class=\"wp-image-2188\" style=\"aspect-ratio:0.750007629627369;width:278px;height:auto\" srcset=\"https:\/\/zzitd.pl\/wp-content\/uploads\/2025\/12\/IMG-20251219-WA0000-768x1024.jpg 768w, https:\/\/zzitd.pl\/wp-content\/uploads\/2025\/12\/IMG-20251219-WA0000-225x300.jpg 225w, https:\/\/zzitd.pl\/wp-content\/uploads\/2025\/12\/IMG-20251219-WA0000-1152x1536.jpg 1152w, https:\/\/zzitd.pl\/wp-content\/uploads\/2025\/12\/IMG-20251219-WA0000.jpg 1500w\" sizes=\"(max-width: 768px) 100vw, 768px\" \/><\/a><\/figure>\n<\/div>","protected":false},"excerpt":{"rendered":"<p>Sprawozdanie ze spotkania cz\u0142onk\u00f3w Rady Krajowej ZZITD z w\u0142adzami Ministerstwa Infrastruktury w dniu 18 grudnia 2025 roku. Osoby uczestnicz\u0105ce w<\/p>\n","protected":false},"author":5,"featured_media":0,"comment_status":"open","ping_status":"closed","sticky":false,"template":"","format":"standard","meta":{"footnotes":""},"categories":[1],"tags":[],"class_list":["post-2186","post","type-post","status-publish","format-standard","hentry","category-wiadomosci","comments-off"],"_links":{"self":[{"href":"https:\/\/zzitd.pl\/index.php?rest_route=\/wp\/v2\/posts\/2186","targetHints":{"allow":["GET"]}}],"collection":[{"href":"https:\/\/zzitd.pl\/index.php?rest_route=\/wp\/v2\/posts"}],"about":[{"href":"https:\/\/zzitd.pl\/index.php?rest_route=\/wp\/v2\/types\/post"}],"author":[{"embeddable":true,"href":"https:\/\/zzitd.pl\/index.php?rest_route=\/wp\/v2\/users\/5"}],"replies":[{"embeddable":true,"href":"https:\/\/zzitd.pl\/index.php?rest_route=%2Fwp%2Fv2%2Fcomments&post=2186"}],"version-history":[{"count":1,"href":"https:\/\/zzitd.pl\/index.php?rest_route=\/wp\/v2\/posts\/2186\/revisions"}],"predecessor-version":[{"id":2189,"href":"https:\/\/zzitd.pl\/index.php?rest_route=\/wp\/v2\/posts\/2186\/revisions\/2189"}],"wp:attachment":[{"href":"https:\/\/zzitd.pl\/index.php?rest_route=%2Fwp%2Fv2%2Fmedia&parent=2186"}],"wp:term":[{"taxonomy":"category","embeddable":true,"href":"https:\/\/zzitd.pl\/index.php?rest_route=%2Fwp%2Fv2%2Fcategories&post=2186"},{"taxonomy":"post_tag","embeddable":true,"href":"https:\/\/zzitd.pl\/index.php?rest_route=%2Fwp%2Fv2%2Ftags&post=2186"}],"curies":[{"name":"wp","href":"https:\/\/api.w.org\/{rel}","templated":true}]}}