{"id":957,"date":"2020-06-14T05:41:19","date_gmt":"2020-06-14T05:41:19","guid":{"rendered":"http:\/\/zzitd.pl\/?p=957"},"modified":"2020-12-19T11:53:05","modified_gmt":"2020-12-19T11:53:05","slug":"walne-zebranie-delegatow-2","status":"publish","type":"post","link":"https:\/\/zzitd.pl\/?p=957","title":{"rendered":"Walne Zebranie Delegat\u00f3w"},"content":{"rendered":"\n<p>Po ustaniu zakazu zgromadze\u0144, RK ZZITD zwo\u0142a\u0142a  na dzie\u0144 <strong>18 i 19 czerwca 2020r.<\/strong>  Walne Zebranie Delegat\u00f3w. Zebranie 18.06.2020r. odb\u0119dzie si\u0119 w Hotelu Podr\u00f3\u017cnik Koszuty 16a \u015aroda Wlk. Rozpocz\u0119cie obrad godz. 10:00. <\/p>\n\n\n\n<p><strong>Planowany\nporz\u0105dek obrad 18.06.2020:<\/strong><\/p>\n\n\n\n<p>1. Otwarcie obrad.<\/p>\n\n\n\n<p>2. Wyb\u00f3r Przewodnicz\u0105cego Zebrania oraz\nProtokolanta.<\/p>\n\n\n\n<p>3. Sprawdzenie liczby obecnych lub\nreprezentowanych Delegat\u00f3w &#8211; sprawdzenie kworum w celu ustalenia zdolno\u015bci\npodejmowania uchwa\u0142.<\/p>\n\n\n\n<p>4. Wyb\u00f3r Komisji Skrutacyjnej.<\/p>\n\n\n\n<p>5. Przedstawienie sprawozdania Komisji\nRewizyjnej ze swojej dzia\u0142alno\u015bci i z wynik\u00f3w kontroli RK ZZITD.<\/p>\n\n\n\n<p>6. Zatwierdzenie sprawozdania Komisji Rewizyjnej .<\/p>\n\n\n\n<p>7. Przedstawienie sprawozdania RK ZZITD z dzia\u0142alno\u015bci za 2019r.<\/p>\n\n\n\n<p>&#8211; Dyskusja dotycz\u0105ca poszczeg\u00f3lnych zagadnie\u0144 poruszonych w\nsprawozdaniu.<\/p>\n\n\n\n<p>&#8211; Problemy poszczeg\u00f3lnych ZOZ<\/p>\n\n\n\n<p>&#8211; Ustalenie strategii i kierunk\u00f3w dzia\u0142ania na rok 2020<\/p>\n\n\n\n<p>8. Zatwierdzenie wniosku Komisji Rewizyjnej\nw przedmiocie absolutorium dla Cz\u0142onk\u00f3w RK ZZITD z wykonania przez nich\nobowi\u0105zk\u00f3w.<\/p>\n\n\n\n<p>9. Przedstawienie sprawozdania Komisji\nSkrutacyjnej.<\/p>\n\n\n\n<p>10. Spotkanie z Zast\u0119pc\u0105 G\u0142\u00f3wnego\nInspektora Transportu Drogowego P. \u0141ukaszem Bry\u0142a.<\/p>\n\n\n\n<p>11. Wolne wnioski i dyskusja <\/p>\n\n\n\n<p>12. Zako\u0144czenie Walnego Zebrania Delegat\u00f3w (dzie\u0144 pierwszy).<\/p>\n\n\n\n<p><\/p>\n\n\n\n<p><strong>Planowany\nporz\u0105dek obrad \u2013 19 czerwca 2020<\/strong><\/p>\n\n\n\n<p>&#8211; Podsumowanie Walnego Zebrania Delegat\u00f3w, spotkania z Zast\u0119pc\u0105 G\u0142\u00f3wnego Inspektora <\/p>\n\n\n\n<p>&#8211; Wnioski i dyskusja<\/p>\n\n\n\n<p>&#8211;  Zako\u0144czenie WZD<\/p>\n","protected":false},"excerpt":{"rendered":"<p>Po ustaniu zakazu zgromadze\u0144, RK ZZITD zwo\u0142a\u0142a na dzie\u0144 18 i 19 czerwca 2020r. Walne Zebranie Delegat\u00f3w. Zebranie 18.06.2020r. odb\u0119dzie<\/p>\n","protected":false},"author":5,"featured_media":0,"comment_status":"open","ping_status":"closed","sticky":false,"template":"","format":"standard","meta":{"footnotes":""},"categories":[14,1],"tags":[],"class_list":["post-957","post","type-post","status-publish","format-standard","hentry","category-walne-zebrania-i-zjazdy","category-wiadomosci","comments-off"],"_links":{"self":[{"href":"https:\/\/zzitd.pl\/index.php?rest_route=\/wp\/v2\/posts\/957","targetHints":{"allow":["GET"]}}],"collection":[{"href":"https:\/\/zzitd.pl\/index.php?rest_route=\/wp\/v2\/posts"}],"about":[{"href":"https:\/\/zzitd.pl\/index.php?rest_route=\/wp\/v2\/types\/post"}],"author":[{"embeddable":true,"href":"https:\/\/zzitd.pl\/index.php?rest_route=\/wp\/v2\/users\/5"}],"replies":[{"embeddable":true,"href":"https:\/\/zzitd.pl\/index.php?rest_route=%2Fwp%2Fv2%2Fcomments&post=957"}],"version-history":[{"count":3,"href":"https:\/\/zzitd.pl\/index.php?rest_route=\/wp\/v2\/posts\/957\/revisions"}],"predecessor-version":[{"id":960,"href":"https:\/\/zzitd.pl\/index.php?rest_route=\/wp\/v2\/posts\/957\/revisions\/960"}],"wp:attachment":[{"href":"https:\/\/zzitd.pl\/index.php?rest_route=%2Fwp%2Fv2%2Fmedia&parent=957"}],"wp:term":[{"taxonomy":"category","embeddable":true,"href":"https:\/\/zzitd.pl\/index.php?rest_route=%2Fwp%2Fv2%2Fcategories&post=957"},{"taxonomy":"post_tag","embeddable":true,"href":"https:\/\/zzitd.pl\/index.php?rest_route=%2Fwp%2Fv2%2Ftags&post=957"}],"curies":[{"name":"wp","href":"https:\/\/api.w.org\/{rel}","templated":true}]}}